{"id":236893,"date":"2026-03-11T13:41:39","date_gmt":"2026-03-11T12:41:39","guid":{"rendered":"https:\/\/www.wolpert-gruppe.de\/?p=236893"},"modified":"2026-03-11T13:50:57","modified_gmt":"2026-03-11T12:50:57","slug":"kooperationsvertrag-mit-dem-bzb","status":"publish","type":"post","link":"https:\/\/www.wolpert-gruppe.de\/en\/kooperationsvertrag-mit-dem-bzb\/","title":{"rendered":"Kooperationsvertrag mit dem BZB"},"content":{"rendered":"<p>[et_pb_section fb_built=&#8220;1&#8243; _builder_version=&#8220;4.27.6&#8243; _module_preset=&#8220;default&#8220; global_colors_info=&#8220;{}&#8220;][et_pb_row _builder_version=&#8220;4.27.6&#8243; _module_preset=&#8220;default&#8220; global_colors_info=&#8220;{}&#8220;][et_pb_column type=&#8220;4_4&#8243; _builder_version=&#8220;4.27.6&#8243; _module_preset=&#8220;default&#8220; global_colors_info=&#8220;{}&#8220;][et_pb_text _builder_version=&#8220;4.27.6&#8243; _module_preset=&#8220;default&#8220; global_colors_info=&#8220;{}&#8220;]<\/p>\n<h2 class=\"noSpacingAbove noSpacingBelow\" style=\"text-align: justify;\" data-text-type=\"noSpacing\">Zukunft zum Anfassen: BZB-Technikklasse baut eigenes Fahrzeug und besiegelt Kooperation<\/h2>\n<p class=\"noSpacingAbove noSpacingBelow\" data-text-type=\"noSpacing\"><strong>Am 24. Februar 2026 stand die Wolpert Gruppe ganz im Zeichen der Nachwuchsf\u00f6rderung. Im Rahmen des zweiten Teils unserer Kooperation mit dem Bildungszentrum (BZB) tauchte die Technikklasse tief in die Welt des Modell- und Formenbaus ein. Das Highlight des Tages: Die offizielle Unterzeichnung unseres Kooperationsvertrags.<\/strong><\/p>\n<p class=\"noSpacingAbove noSpacingBelow\" data-text-type=\"noSpacing\"><strong><\/strong><\/p>\n<p class=\"noSpacingAbove noSpacingBelow\" data-text-type=\"noSpacing\"><strong><\/strong><\/p>\n<h3 class=\"noSpacingAbove noSpacingBelow\" data-text-type=\"noSpacing\">Theorie trifft Praxis: Vom Spritzguss zum fertigen Auto<\/h3>\n<p data-path-to-node=\"7\">Nach einer herzlichen Begr\u00fc\u00dfung durch Herrn Wolpert, der den Sch\u00fclerinnen und Sch\u00fclern die vielf\u00e4ltigen T\u00e4tigkeitsfelder unseres Unternehmens n\u00e4herbrachte, ging es direkt in die technische Tiefe.<\/p>\n<ul data-path-to-node=\"8\">\n<li>\n<p data-path-to-node=\"8,0,0\"><b data-path-to-node=\"8,0,0\" data-index-in-node=\"0\">Konstruktion verstehen:<\/b> Herr Karle erl\u00e4uterte den Aufbau des Fahrzeugs und die dazugeh\u00f6rige Bauanleitung.<\/p>\n<\/li>\n<li>\n<p data-path-to-node=\"8,1,0\"><b data-path-to-node=\"8,1,0\" data-index-in-node=\"0\">Fertigung hautnah:<\/b> In einer anschaulichen Einf\u00fchrung in das Spritzgussverfahren lernten die Jugendlichen, wie die Karosserie ihres Fahrzeugs industriell gefertigt wird.<\/p>\n<\/li>\n<li>\n<p data-path-to-node=\"8,2,0\"><b data-path-to-node=\"8,2,0\" data-index-in-node=\"0\">Individuelle Details:<\/b> Bei der Firma Protech GmbH durften die Sch\u00fcler selbst Hand anlegen und ihr eigenes Nummernschild gestalten und montieren.<\/p>\n<\/li>\n<\/ul>\n<p data-path-to-node=\"9\">In unserer Ausbildungswerkstatt wurde es schlie\u00dflich ernst: Aus einem Paket voller Einzelteile montierten die Sch\u00fclerinnen und Sch\u00fcler unter fachkundiger Anleitung Schritt f\u00fcr Schritt ihr eigenes Fahrzeug.<\/p>\n<p>[\/et_pb_text][et_pb_image src=&#8220;https:\/\/www.wolpert-gruppe.de\/wp-content\/uploads\/2026\/03\/Unbenannt-1.webp&#8220; title_text=&#8220;Unbenannt-1&#8243; _builder_version=&#8220;4.27.6&#8243; _module_preset=&#8220;default&#8220; global_colors_info=&#8220;{}&#8220;][\/et_pb_image][et_pb_text _builder_version=&#8220;4.27.6&#8243; _module_preset=&#8220;default&#8220; custom_padding=&#8220;||0px|||&#8220; global_colors_info=&#8220;{}&#8220;]<\/p>\n<h3 data-path-to-node=\"10\">Ein starkes Fundament f\u00fcr die Zukunft<\/h3>\n<p data-path-to-node=\"11\">Neben dem Schrauben und Konstruieren markierte dieser Tag einen wichtigen Meilenstein f\u00fcr die Zusammenarbeit zwischen Schule und Wirtschaft. Gemeinsam mit Schulleiter Herrn Eber und Gemeinder\u00e4tin Frau Jauernik wurde der <b data-path-to-node=\"11\" data-index-in-node=\"220\">Kooperationsvertrag offiziell unterzeichnet<\/b>.<\/p>\n<p data-path-to-node=\"12\">Frau Jauernik hob dabei besonders den Wert regionaler Netzwerke hervor, w\u00e4hrend Herr Eber die Bedeutung solcher praxisnaher Projekte f\u00fcr die berufliche Orientierung betonte. F\u00fcr uns als Wolpert Gruppe ist dieser Vertrag mehr als nur Papier \u2013 er ist das Versprechen, junge Menschen nachhaltig f\u00fcr technische Berufe zu begeistern und ihnen echte Einblicke in die Arbeitswelt zu erm\u00f6glichen.<\/p>\n<p>[\/et_pb_text][et_pb_image src=&#8220;https:\/\/www.wolpert-gruppe.de\/wp-content\/uploads\/2026\/03\/Unbenannt-17.webp&#8220; title_text=&#8220;Unbenannt-17&#8243; _builder_version=&#8220;4.27.6&#8243; _module_preset=&#8220;default&#8220; global_colors_info=&#8220;{}&#8220;][\/et_pb_image][et_pb_text _builder_version=&#8220;4.27.6&#8243; _module_preset=&#8220;default&#8220; global_colors_info=&#8220;{}&#8220;]<\/p>\n<h3 data-path-to-node=\"13\">Ausblick<\/h3>\n<p data-path-to-node=\"14\">Nach einer abschlie\u00dfenden Feedbackrunde verabschiedeten wir eine motivierte Gruppe in den Feierabend. Doch das Projekt geht weiter: Wir freuen uns bereits darauf, \u00a0die letzte Gruppe der Technikklasse bei uns begr\u00fc\u00dfen zu d\u00fcrfen!<\/p>\n<p>[\/et_pb_text][et_pb_image src=&#8220;https:\/\/www.wolpert-gruppe.de\/wp-content\/uploads\/2026\/03\/Unbenannt-16.webp&#8220; title_text=&#8220;Unbenannt-16&#8243; _builder_version=&#8220;4.27.6&#8243; _module_preset=&#8220;default&#8220; global_colors_info=&#8220;{}&#8220;][\/et_pb_image][\/et_pb_column][\/et_pb_row][\/et_pb_section]<\/p>\n","protected":false},"excerpt":{"rendered":"<p>Zukunft zum Anfassen: BZB-Technikklasse baut eigenes Fahrzeug und besiegelt Kooperation Am 24. Februar 2026 stand die Wolpert Gruppe ganz im Zeichen der Nachwuchsf\u00f6rderung. Im Rahmen des zweiten Teils unserer Kooperation mit dem Bildungszentrum (BZB) tauchte die Technikklasse tief in die Welt des Modell- und Formenbaus ein. Das Highlight des Tages: Die offizielle Unterzeichnung unseres Kooperationsvertrags. [&hellip;]<\/p>\n","protected":false},"author":3,"featured_media":236894,"comment_status":"closed","ping_status":"open","sticky":false,"template":"","format":"standard","meta":{"_et_pb_use_builder":"on","_et_pb_old_content":"","_et_gb_content_width":"","footnotes":""},"categories":[1],"tags":[],"class_list":["post-236893","post","type-post","status-publish","format-standard","has-post-thumbnail","hentry","category-uncategorized"],"yoast_head":"<!-- This site is optimized with the Yoast SEO plugin v27.5 - https:\/\/yoast.com\/product\/yoast-seo-wordpress\/ -->\n<title>Kooperationsvertrag mit dem BZB - Wolpert Gruppe<\/title>\n<meta name=\"robots\" content=\"index, follow, max-snippet:-1, max-image-preview:large, max-video-preview:-1\" \/>\n<link rel=\"canonical\" href=\"https:\/\/www.wolpert-gruppe.de\/en\/kooperationsvertrag-mit-dem-bzb\/\" \/>\n<meta property=\"og:locale\" content=\"en_US\" \/>\n<meta property=\"og:type\" content=\"article\" \/>\n<meta property=\"og:title\" content=\"Kooperationsvertrag mit dem BZB - Wolpert Gruppe\" \/>\n<meta property=\"og:description\" content=\"Zukunft zum Anfassen: BZB-Technikklasse baut eigenes Fahrzeug und besiegelt Kooperation Am 24. Februar 2026 stand die Wolpert Gruppe ganz im Zeichen der Nachwuchsf\u00f6rderung. Im Rahmen des zweiten Teils unserer Kooperation mit dem Bildungszentrum (BZB) tauchte die Technikklasse tief in die Welt des Modell- und Formenbaus ein. Das Highlight des Tages: Die offizielle Unterzeichnung unseres Kooperationsvertrags. [&hellip;]\" \/>\n<meta property=\"og:url\" content=\"https:\/\/www.wolpert-gruppe.de\/en\/kooperationsvertrag-mit-dem-bzb\/\" \/>\n<meta property=\"og:site_name\" content=\"Wolpert Gruppe\" \/>\n<meta property=\"article:published_time\" content=\"2026-03-11T12:41:39+00:00\" \/>\n<meta property=\"article:modified_time\" content=\"2026-03-11T12:50:57+00:00\" \/>\n<meta property=\"og:image\" content=\"https:\/\/www.wolpert-gruppe.de\/wp-content\/uploads\/2026\/03\/Beitragbild.png\" \/>\n\t<meta property=\"og:image:width\" content=\"1200\" \/>\n\t<meta property=\"og:image:height\" content=\"675\" \/>\n\t<meta property=\"og:image:type\" content=\"image\/png\" \/>\n<meta name=\"author\" content=\"Fabian Leder\" \/>\n<meta name=\"twitter:card\" content=\"summary_large_image\" \/>\n<meta name=\"twitter:label1\" content=\"Written by\" \/>\n\t<meta name=\"twitter:data1\" content=\"Fabian Leder\" \/>\n\t<meta name=\"twitter:label2\" content=\"Est. reading time\" \/>\n\t<meta name=\"twitter:data2\" content=\"1 minute\" \/>\n<script type=\"application\/ld+json\" class=\"yoast-schema-graph\">{\"@context\":\"https:\\\/\\\/schema.org\",\"@graph\":[{\"@type\":\"Article\",\"@id\":\"https:\\\/\\\/www.wolpert-gruppe.de\\\/kooperationsvertrag-mit-dem-bzb\\\/#article\",\"isPartOf\":{\"@id\":\"https:\\\/\\\/www.wolpert-gruppe.de\\\/kooperationsvertrag-mit-dem-bzb\\\/\"},\"author\":{\"name\":\"Fabian Leder\",\"@id\":\"https:\\\/\\\/www.wolpert-gruppe.de\\\/#\\\/schema\\\/person\\\/97b65b72abe6c6918fba369180826187\"},\"headline\":\"Kooperationsvertrag mit dem BZB\",\"datePublished\":\"2026-03-11T12:41:39+00:00\",\"dateModified\":\"2026-03-11T12:50:57+00:00\",\"mainEntityOfPage\":{\"@id\":\"https:\\\/\\\/www.wolpert-gruppe.de\\\/kooperationsvertrag-mit-dem-bzb\\\/\"},\"wordCount\":490,\"image\":{\"@id\":\"https:\\\/\\\/www.wolpert-gruppe.de\\\/kooperationsvertrag-mit-dem-bzb\\\/#primaryimage\"},\"thumbnailUrl\":\"https:\\\/\\\/www.wolpert-gruppe.de\\\/wp-content\\\/uploads\\\/2026\\\/03\\\/Beitragbild.png\",\"inLanguage\":\"en-US\"},{\"@type\":\"WebPage\",\"@id\":\"https:\\\/\\\/www.wolpert-gruppe.de\\\/kooperationsvertrag-mit-dem-bzb\\\/\",\"url\":\"https:\\\/\\\/www.wolpert-gruppe.de\\\/kooperationsvertrag-mit-dem-bzb\\\/\",\"name\":\"Kooperationsvertrag mit dem BZB - Wolpert Gruppe\",\"isPartOf\":{\"@id\":\"https:\\\/\\\/www.wolpert-gruppe.de\\\/#website\"},\"primaryImageOfPage\":{\"@id\":\"https:\\\/\\\/www.wolpert-gruppe.de\\\/kooperationsvertrag-mit-dem-bzb\\\/#primaryimage\"},\"image\":{\"@id\":\"https:\\\/\\\/www.wolpert-gruppe.de\\\/kooperationsvertrag-mit-dem-bzb\\\/#primaryimage\"},\"thumbnailUrl\":\"https:\\\/\\\/www.wolpert-gruppe.de\\\/wp-content\\\/uploads\\\/2026\\\/03\\\/Beitragbild.png\",\"datePublished\":\"2026-03-11T12:41:39+00:00\",\"dateModified\":\"2026-03-11T12:50:57+00:00\",\"author\":{\"@id\":\"https:\\\/\\\/www.wolpert-gruppe.de\\\/#\\\/schema\\\/person\\\/97b65b72abe6c6918fba369180826187\"},\"breadcrumb\":{\"@id\":\"https:\\\/\\\/www.wolpert-gruppe.de\\\/kooperationsvertrag-mit-dem-bzb\\\/#breadcrumb\"},\"inLanguage\":\"en-US\",\"potentialAction\":[{\"@type\":\"ReadAction\",\"target\":[\"https:\\\/\\\/www.wolpert-gruppe.de\\\/kooperationsvertrag-mit-dem-bzb\\\/\"]}]},{\"@type\":\"ImageObject\",\"inLanguage\":\"en-US\",\"@id\":\"https:\\\/\\\/www.wolpert-gruppe.de\\\/kooperationsvertrag-mit-dem-bzb\\\/#primaryimage\",\"url\":\"https:\\\/\\\/www.wolpert-gruppe.de\\\/wp-content\\\/uploads\\\/2026\\\/03\\\/Beitragbild.png\",\"contentUrl\":\"https:\\\/\\\/www.wolpert-gruppe.de\\\/wp-content\\\/uploads\\\/2026\\\/03\\\/Beitragbild.png\",\"width\":1200,\"height\":675},{\"@type\":\"BreadcrumbList\",\"@id\":\"https:\\\/\\\/www.wolpert-gruppe.de\\\/kooperationsvertrag-mit-dem-bzb\\\/#breadcrumb\",\"itemListElement\":[{\"@type\":\"ListItem\",\"position\":1,\"name\":\"Startseite\",\"item\":\"https:\\\/\\\/www.wolpert-gruppe.de\\\/\"},{\"@type\":\"ListItem\",\"position\":2,\"name\":\"Kooperationsvertrag mit dem BZB\"}]},{\"@type\":\"WebSite\",\"@id\":\"https:\\\/\\\/www.wolpert-gruppe.de\\\/#website\",\"url\":\"https:\\\/\\\/www.wolpert-gruppe.de\\\/\",\"name\":\"Wolpert Gruppe\",\"description\":\"\",\"potentialAction\":[{\"@type\":\"SearchAction\",\"target\":{\"@type\":\"EntryPoint\",\"urlTemplate\":\"https:\\\/\\\/www.wolpert-gruppe.de\\\/?s={search_term_string}\"},\"query-input\":{\"@type\":\"PropertyValueSpecification\",\"valueRequired\":true,\"valueName\":\"search_term_string\"}}],\"inLanguage\":\"en-US\"},{\"@type\":\"Person\",\"@id\":\"https:\\\/\\\/www.wolpert-gruppe.de\\\/#\\\/schema\\\/person\\\/97b65b72abe6c6918fba369180826187\",\"name\":\"Fabian Leder\",\"image\":{\"@type\":\"ImageObject\",\"inLanguage\":\"en-US\",\"@id\":\"https:\\\/\\\/secure.gravatar.com\\\/avatar\\\/e1ebd84222db4ce7fbecdd4562c3b5b311037d7ea39a943d4759e3b8f5e96b9b?s=96&d=mm&r=g\",\"url\":\"https:\\\/\\\/secure.gravatar.com\\\/avatar\\\/e1ebd84222db4ce7fbecdd4562c3b5b311037d7ea39a943d4759e3b8f5e96b9b?s=96&d=mm&r=g\",\"contentUrl\":\"https:\\\/\\\/secure.gravatar.com\\\/avatar\\\/e1ebd84222db4ce7fbecdd4562c3b5b311037d7ea39a943d4759e3b8f5e96b9b?s=96&d=mm&r=g\",\"caption\":\"Fabian Leder\"},\"url\":\"https:\\\/\\\/www.wolpert-gruppe.de\\\/en\\\/author\\\/fabian\\\/\"}]}<\/script>\n<!-- \/ Yoast SEO plugin. -->","yoast_head_json":{"title":"Kooperationsvertrag mit dem BZB - Wolpert Gruppe","robots":{"index":"index","follow":"follow","max-snippet":"max-snippet:-1","max-image-preview":"max-image-preview:large","max-video-preview":"max-video-preview:-1"},"canonical":"https:\/\/www.wolpert-gruppe.de\/en\/kooperationsvertrag-mit-dem-bzb\/","og_locale":"en_US","og_type":"article","og_title":"Kooperationsvertrag mit dem BZB - Wolpert Gruppe","og_description":"Zukunft zum Anfassen: BZB-Technikklasse baut eigenes Fahrzeug und besiegelt Kooperation Am 24. Februar 2026 stand die Wolpert Gruppe ganz im Zeichen der Nachwuchsf\u00f6rderung. Im Rahmen des zweiten Teils unserer Kooperation mit dem Bildungszentrum (BZB) tauchte die Technikklasse tief in die Welt des Modell- und Formenbaus ein. Das Highlight des Tages: Die offizielle Unterzeichnung unseres Kooperationsvertrags. [&hellip;]","og_url":"https:\/\/www.wolpert-gruppe.de\/en\/kooperationsvertrag-mit-dem-bzb\/","og_site_name":"Wolpert Gruppe","article_published_time":"2026-03-11T12:41:39+00:00","article_modified_time":"2026-03-11T12:50:57+00:00","og_image":[{"width":1200,"height":675,"url":"https:\/\/www.wolpert-gruppe.de\/wp-content\/uploads\/2026\/03\/Beitragbild.png","type":"image\/png"}],"author":"Fabian Leder","twitter_card":"summary_large_image","twitter_misc":{"Written by":"Fabian Leder","Est. reading time":"1 minute"},"schema":{"@context":"https:\/\/schema.org","@graph":[{"@type":"Article","@id":"https:\/\/www.wolpert-gruppe.de\/kooperationsvertrag-mit-dem-bzb\/#article","isPartOf":{"@id":"https:\/\/www.wolpert-gruppe.de\/kooperationsvertrag-mit-dem-bzb\/"},"author":{"name":"Fabian Leder","@id":"https:\/\/www.wolpert-gruppe.de\/#\/schema\/person\/97b65b72abe6c6918fba369180826187"},"headline":"Kooperationsvertrag mit dem BZB","datePublished":"2026-03-11T12:41:39+00:00","dateModified":"2026-03-11T12:50:57+00:00","mainEntityOfPage":{"@id":"https:\/\/www.wolpert-gruppe.de\/kooperationsvertrag-mit-dem-bzb\/"},"wordCount":490,"image":{"@id":"https:\/\/www.wolpert-gruppe.de\/kooperationsvertrag-mit-dem-bzb\/#primaryimage"},"thumbnailUrl":"https:\/\/www.wolpert-gruppe.de\/wp-content\/uploads\/2026\/03\/Beitragbild.png","inLanguage":"en-US"},{"@type":"WebPage","@id":"https:\/\/www.wolpert-gruppe.de\/kooperationsvertrag-mit-dem-bzb\/","url":"https:\/\/www.wolpert-gruppe.de\/kooperationsvertrag-mit-dem-bzb\/","name":"Kooperationsvertrag mit dem BZB - Wolpert Gruppe","isPartOf":{"@id":"https:\/\/www.wolpert-gruppe.de\/#website"},"primaryImageOfPage":{"@id":"https:\/\/www.wolpert-gruppe.de\/kooperationsvertrag-mit-dem-bzb\/#primaryimage"},"image":{"@id":"https:\/\/www.wolpert-gruppe.de\/kooperationsvertrag-mit-dem-bzb\/#primaryimage"},"thumbnailUrl":"https:\/\/www.wolpert-gruppe.de\/wp-content\/uploads\/2026\/03\/Beitragbild.png","datePublished":"2026-03-11T12:41:39+00:00","dateModified":"2026-03-11T12:50:57+00:00","author":{"@id":"https:\/\/www.wolpert-gruppe.de\/#\/schema\/person\/97b65b72abe6c6918fba369180826187"},"breadcrumb":{"@id":"https:\/\/www.wolpert-gruppe.de\/kooperationsvertrag-mit-dem-bzb\/#breadcrumb"},"inLanguage":"en-US","potentialAction":[{"@type":"ReadAction","target":["https:\/\/www.wolpert-gruppe.de\/kooperationsvertrag-mit-dem-bzb\/"]}]},{"@type":"ImageObject","inLanguage":"en-US","@id":"https:\/\/www.wolpert-gruppe.de\/kooperationsvertrag-mit-dem-bzb\/#primaryimage","url":"https:\/\/www.wolpert-gruppe.de\/wp-content\/uploads\/2026\/03\/Beitragbild.png","contentUrl":"https:\/\/www.wolpert-gruppe.de\/wp-content\/uploads\/2026\/03\/Beitragbild.png","width":1200,"height":675},{"@type":"BreadcrumbList","@id":"https:\/\/www.wolpert-gruppe.de\/kooperationsvertrag-mit-dem-bzb\/#breadcrumb","itemListElement":[{"@type":"ListItem","position":1,"name":"Startseite","item":"https:\/\/www.wolpert-gruppe.de\/"},{"@type":"ListItem","position":2,"name":"Kooperationsvertrag mit dem BZB"}]},{"@type":"WebSite","@id":"https:\/\/www.wolpert-gruppe.de\/#website","url":"https:\/\/www.wolpert-gruppe.de\/","name":"Wolpert Gruppe","description":"","potentialAction":[{"@type":"SearchAction","target":{"@type":"EntryPoint","urlTemplate":"https:\/\/www.wolpert-gruppe.de\/?s={search_term_string}"},"query-input":{"@type":"PropertyValueSpecification","valueRequired":true,"valueName":"search_term_string"}}],"inLanguage":"en-US"},{"@type":"Person","@id":"https:\/\/www.wolpert-gruppe.de\/#\/schema\/person\/97b65b72abe6c6918fba369180826187","name":"Fabian Leder","image":{"@type":"ImageObject","inLanguage":"en-US","@id":"https:\/\/secure.gravatar.com\/avatar\/e1ebd84222db4ce7fbecdd4562c3b5b311037d7ea39a943d4759e3b8f5e96b9b?s=96&d=mm&r=g","url":"https:\/\/secure.gravatar.com\/avatar\/e1ebd84222db4ce7fbecdd4562c3b5b311037d7ea39a943d4759e3b8f5e96b9b?s=96&d=mm&r=g","contentUrl":"https:\/\/secure.gravatar.com\/avatar\/e1ebd84222db4ce7fbecdd4562c3b5b311037d7ea39a943d4759e3b8f5e96b9b?s=96&d=mm&r=g","caption":"Fabian Leder"},"url":"https:\/\/www.wolpert-gruppe.de\/en\/author\/fabian\/"}]}},"_links":{"self":[{"href":"https:\/\/www.wolpert-gruppe.de\/en\/wp-json\/wp\/v2\/posts\/236893","targetHints":{"allow":["GET"]}}],"collection":[{"href":"https:\/\/www.wolpert-gruppe.de\/en\/wp-json\/wp\/v2\/posts"}],"about":[{"href":"https:\/\/www.wolpert-gruppe.de\/en\/wp-json\/wp\/v2\/types\/post"}],"author":[{"embeddable":true,"href":"https:\/\/www.wolpert-gruppe.de\/en\/wp-json\/wp\/v2\/users\/3"}],"replies":[{"embeddable":true,"href":"https:\/\/www.wolpert-gruppe.de\/en\/wp-json\/wp\/v2\/comments?post=236893"}],"version-history":[{"count":6,"href":"https:\/\/www.wolpert-gruppe.de\/en\/wp-json\/wp\/v2\/posts\/236893\/revisions"}],"predecessor-version":[{"id":236910,"href":"https:\/\/www.wolpert-gruppe.de\/en\/wp-json\/wp\/v2\/posts\/236893\/revisions\/236910"}],"wp:featuredmedia":[{"embeddable":true,"href":"https:\/\/www.wolpert-gruppe.de\/en\/wp-json\/wp\/v2\/media\/236894"}],"wp:attachment":[{"href":"https:\/\/www.wolpert-gruppe.de\/en\/wp-json\/wp\/v2\/media?parent=236893"}],"wp:term":[{"taxonomy":"category","embeddable":true,"href":"https:\/\/www.wolpert-gruppe.de\/en\/wp-json\/wp\/v2\/categories?post=236893"},{"taxonomy":"post_tag","embeddable":true,"href":"https:\/\/www.wolpert-gruppe.de\/en\/wp-json\/wp\/v2\/tags?post=236893"}],"curies":[{"name":"wp","href":"https:\/\/api.w.org\/{rel}","templated":true}]}}