{"id":236912,"date":"2026-03-11T14:49:26","date_gmt":"2026-03-11T13:49:26","guid":{"rendered":"https:\/\/www.wolpert-gruppe.de\/?p=236912"},"modified":"2026-03-12T10:12:15","modified_gmt":"2026-03-12T09:12:15","slug":"kpa-ulm-2026-ein-voller-erfolg-fuer-die-wolpert-gruppe-und-rekuplast","status":"publish","type":"post","link":"https:\/\/www.wolpert-gruppe.de\/en\/kpa-ulm-2026-ein-voller-erfolg-fuer-die-wolpert-gruppe-und-rekuplast\/","title":{"rendered":"KPA Ulm 2026: Ein voller Erfolg f\u00fcr die Wolpert Gruppe und rekuplast"},"content":{"rendered":"<p>[et_pb_section fb_built=&#8220;1&#8243; _builder_version=&#8220;4.27.6&#8243; _module_preset=&#8220;default&#8220; global_colors_info=&#8220;{}&#8220;][et_pb_row _builder_version=&#8220;4.27.6&#8243; _module_preset=&#8220;default&#8220; global_colors_info=&#8220;{}&#8220;][et_pb_column type=&#8220;4_4&#8243; _builder_version=&#8220;4.27.6&#8243; _module_preset=&#8220;default&#8220; global_colors_info=&#8220;{}&#8220;][et_pb_text _builder_version=&#8220;4.27.6&#8243; _module_preset=&#8220;default&#8220; global_colors_info=&#8220;{}&#8220;]<\/p>\n<p><strong>Zwei Tage voller Innovation, Networking und zukunftsweisender Gespr\u00e4che \u2013 die KPA (Kunststoffprodukte aktuell) in Ulm war f\u00fcr uns in diesem Jahr ein besonderes Highlight. Im Fokus stand dabei nicht nur der Austausch mit langj\u00e4hrigen Partnern, sondern vor allem die Premiere unserer neuen Dienstleistung: \u201eCare &amp; Run\u201c.<\/strong><\/p>\n<h2>Starke Pr\u00e4senz in Ulm<\/h2>\n<p>Als Wolpert Gruppe waren wir gemeinsam mit unserem Tochterunternehmen <strong>rekuplast<\/strong> vor Ort, um die neuesten Entwicklungen im Bereich Spritzguss und Werkzeugmanagement zu pr\u00e4sentieren. Die KPA hat sich erneut als die ideale Plattform erwiesen, um in kompakter und hochkar\u00e4tiger Atmosph\u00e4re direkt mit Entscheidern ins Gespr\u00e4ch zu kommen.<\/p>\n<h2>Premiere f\u00fcr \u201eCare &amp; Run\u201c<\/h2>\n<p>Das absolute Messethema war der offizielle Launch unserer neuen Dienstleistung <strong>Care &amp; Run<\/strong>. Wir haben dieses Konzept entwickelt, um Kunden in einer volatilen Marktlage maximale Sicherheit und Flexibilit\u00e4t zu bieten. Dass wir hier den Nerv der Zeit getroffen haben, zeigte das enorme Interesse des Fachpublikums.<\/p>\n<p>Besonders zwei Schwerpunkte standen bei den Besuchern im Fokus:<\/p>\n<ul>\n<li><strong>Insolvenz-Verlagerung von Werkzeugen:<\/strong> In wirtschaftlich herausfordernden Zeiten ben\u00f6tigen Unternehmen verl\u00e4ssliche Partner, die schnell und rechtssicher Werkzeuge aus instabilen Lieferketten \u00fcbernehmen und die Produktion nahtlos fortf\u00fchren k\u00f6nnen.<\/li>\n<li><strong>After-Market-Spritzguss:<\/strong> Die effiziente Versorgung mit Ersatzteilen \u00fcber den gesamten Lebenszyklus eines Produkts hinweg bleibt eine Kernkompetenz, bei der Rekuplast seine St\u00e4rken voll ausspielen kann.<\/li>\n<\/ul>\n<h2><strong>Hochkar\u00e4tiger Dialog mit Branchengr\u00f6\u00dfen<\/strong><\/h2>\n<p>Wir haben uns sehr \u00fcber den Besuch bekannter Gesichter gefreut. Die Gespr\u00e4che mit unseren Bestandskunden wie <strong>Mercedes Trucks<\/strong> und <strong>Mercedes-Benz Busse<\/strong> waren gewohnt konstruktiv und unterstrichen die jahrelange, vertrauensvolle Zusammenarbeit.<\/p>\n<p>Gleichzeitig konnten wir zahlreiche neue Kontakte kn\u00fcpfen. Das gro\u00dfe Interesse von potenziellen Neukunden \u2013 darunter namhafte Akteure wie <strong>Iveco<\/strong> \u2013 best\u00e4tigt uns in unserer strategischen Ausrichtung.<\/p>\n<p>\u201eDie KPA 2026 war f\u00fcr uns ein voller Erfolg. Die Resonanz auf Care &amp; Run hat gezeigt, dass der Markt nach ganzheitlichen L\u00f6sungen f\u00fcr komplexe Verlagerungsprozesse sucht. Wir gehen mit vielen spannenden Projekten im Gep\u00e4ck zur\u00fcck an die Standorte.\u201c<\/p>\n<h2><strong>Fazit<\/strong><\/h2>\n<p>Die zwei Tage in Ulm haben einmal mehr bewiesen, wie wichtig der pers\u00f6nliche Austausch ist. Wir danken allen Besuchern f\u00fcr die interessanten Gespr\u00e4che und freuen uns darauf, die angesto\u00dfenen Projekte gemeinsam mit rekuplast und dem gesamten Team der Wolpert Gruppe umzusetzen.<\/p>\n<p>[\/et_pb_text][\/et_pb_column][\/et_pb_row][\/et_pb_section]<\/p>\n","protected":false},"excerpt":{"rendered":"<p>Zwei Tage voller Innovation, Networking und zukunftsweisender Gespr\u00e4che \u2013 die KPA (Kunststoffprodukte aktuell) in Ulm war f\u00fcr uns in diesem Jahr ein besonderes Highlight. Im Fokus stand dabei nicht nur der Austausch mit langj\u00e4hrigen Partnern, sondern vor allem die Premiere unserer neuen Dienstleistung: \u201eCare &amp; Run\u201c. Starke Pr\u00e4senz in Ulm Als Wolpert Gruppe waren wir [&hellip;]<\/p>\n","protected":false},"author":3,"featured_media":236913,"comment_status":"closed","ping_status":"open","sticky":false,"template":"","format":"standard","meta":{"_et_pb_use_builder":"on","_et_pb_old_content":"","_et_gb_content_width":"","footnotes":""},"categories":[1],"tags":[],"class_list":["post-236912","post","type-post","status-publish","format-standard","has-post-thumbnail","hentry","category-uncategorized"],"yoast_head":"<!-- This site is optimized with the Yoast SEO plugin v27.5 - https:\/\/yoast.com\/product\/yoast-seo-wordpress\/ -->\n<title>KPA Ulm 2026: Ein voller Erfolg f\u00fcr die Wolpert Gruppe und rekuplast - Wolpert Gruppe<\/title>\n<meta name=\"robots\" content=\"index, follow, max-snippet:-1, max-image-preview:large, max-video-preview:-1\" \/>\n<link rel=\"canonical\" href=\"https:\/\/www.wolpert-gruppe.de\/en\/kpa-ulm-2026-ein-voller-erfolg-fuer-die-wolpert-gruppe-und-rekuplast\/\" \/>\n<meta property=\"og:locale\" content=\"en_US\" \/>\n<meta property=\"og:type\" content=\"article\" \/>\n<meta property=\"og:title\" content=\"KPA Ulm 2026: Ein voller Erfolg f\u00fcr die Wolpert Gruppe und rekuplast - Wolpert Gruppe\" \/>\n<meta property=\"og:description\" content=\"Zwei Tage voller Innovation, Networking und zukunftsweisender Gespr\u00e4che \u2013 die KPA (Kunststoffprodukte aktuell) in Ulm war f\u00fcr uns in diesem Jahr ein besonderes Highlight. Im Fokus stand dabei nicht nur der Austausch mit langj\u00e4hrigen Partnern, sondern vor allem die Premiere unserer neuen Dienstleistung: \u201eCare &amp; Run\u201c. Starke Pr\u00e4senz in Ulm Als Wolpert Gruppe waren wir [&hellip;]\" \/>\n<meta property=\"og:url\" content=\"https:\/\/www.wolpert-gruppe.de\/en\/kpa-ulm-2026-ein-voller-erfolg-fuer-die-wolpert-gruppe-und-rekuplast\/\" \/>\n<meta property=\"og:site_name\" content=\"Wolpert Gruppe\" \/>\n<meta property=\"article:published_time\" content=\"2026-03-11T13:49:26+00:00\" \/>\n<meta property=\"article:modified_time\" content=\"2026-03-12T09:12:15+00:00\" \/>\n<meta property=\"og:image\" content=\"https:\/\/www.wolpert-gruppe.de\/wp-content\/uploads\/2026\/03\/Blockbeitrag.png\" \/>\n\t<meta property=\"og:image:width\" content=\"1200\" \/>\n\t<meta property=\"og:image:height\" content=\"675\" \/>\n\t<meta property=\"og:image:type\" content=\"image\/png\" \/>\n<meta name=\"author\" content=\"Fabian Leder\" \/>\n<meta name=\"twitter:card\" content=\"summary_large_image\" \/>\n<meta name=\"twitter:label1\" content=\"Written by\" \/>\n\t<meta name=\"twitter:data1\" content=\"Fabian Leder\" \/>\n\t<meta name=\"twitter:label2\" content=\"Est. reading time\" \/>\n\t<meta name=\"twitter:data2\" content=\"3 minutes\" \/>\n<script type=\"application\/ld+json\" class=\"yoast-schema-graph\">{\"@context\":\"https:\\\/\\\/schema.org\",\"@graph\":[{\"@type\":\"Article\",\"@id\":\"https:\\\/\\\/www.wolpert-gruppe.de\\\/kpa-ulm-2026-ein-voller-erfolg-fuer-die-wolpert-gruppe-und-rekuplast\\\/#article\",\"isPartOf\":{\"@id\":\"https:\\\/\\\/www.wolpert-gruppe.de\\\/kpa-ulm-2026-ein-voller-erfolg-fuer-die-wolpert-gruppe-und-rekuplast\\\/\"},\"author\":{\"name\":\"Fabian Leder\",\"@id\":\"https:\\\/\\\/www.wolpert-gruppe.de\\\/#\\\/schema\\\/person\\\/97b65b72abe6c6918fba369180826187\"},\"headline\":\"KPA Ulm 2026: Ein voller Erfolg f\u00fcr die Wolpert Gruppe und rekuplast\",\"datePublished\":\"2026-03-11T13:49:26+00:00\",\"dateModified\":\"2026-03-12T09:12:15+00:00\",\"mainEntityOfPage\":{\"@id\":\"https:\\\/\\\/www.wolpert-gruppe.de\\\/kpa-ulm-2026-ein-voller-erfolg-fuer-die-wolpert-gruppe-und-rekuplast\\\/\"},\"wordCount\":443,\"image\":{\"@id\":\"https:\\\/\\\/www.wolpert-gruppe.de\\\/kpa-ulm-2026-ein-voller-erfolg-fuer-die-wolpert-gruppe-und-rekuplast\\\/#primaryimage\"},\"thumbnailUrl\":\"https:\\\/\\\/www.wolpert-gruppe.de\\\/wp-content\\\/uploads\\\/2026\\\/03\\\/Blockbeitrag.png\",\"inLanguage\":\"en-US\"},{\"@type\":\"WebPage\",\"@id\":\"https:\\\/\\\/www.wolpert-gruppe.de\\\/kpa-ulm-2026-ein-voller-erfolg-fuer-die-wolpert-gruppe-und-rekuplast\\\/\",\"url\":\"https:\\\/\\\/www.wolpert-gruppe.de\\\/kpa-ulm-2026-ein-voller-erfolg-fuer-die-wolpert-gruppe-und-rekuplast\\\/\",\"name\":\"KPA Ulm 2026: Ein voller Erfolg f\u00fcr die Wolpert Gruppe und rekuplast - Wolpert Gruppe\",\"isPartOf\":{\"@id\":\"https:\\\/\\\/www.wolpert-gruppe.de\\\/#website\"},\"primaryImageOfPage\":{\"@id\":\"https:\\\/\\\/www.wolpert-gruppe.de\\\/kpa-ulm-2026-ein-voller-erfolg-fuer-die-wolpert-gruppe-und-rekuplast\\\/#primaryimage\"},\"image\":{\"@id\":\"https:\\\/\\\/www.wolpert-gruppe.de\\\/kpa-ulm-2026-ein-voller-erfolg-fuer-die-wolpert-gruppe-und-rekuplast\\\/#primaryimage\"},\"thumbnailUrl\":\"https:\\\/\\\/www.wolpert-gruppe.de\\\/wp-content\\\/uploads\\\/2026\\\/03\\\/Blockbeitrag.png\",\"datePublished\":\"2026-03-11T13:49:26+00:00\",\"dateModified\":\"2026-03-12T09:12:15+00:00\",\"author\":{\"@id\":\"https:\\\/\\\/www.wolpert-gruppe.de\\\/#\\\/schema\\\/person\\\/97b65b72abe6c6918fba369180826187\"},\"breadcrumb\":{\"@id\":\"https:\\\/\\\/www.wolpert-gruppe.de\\\/kpa-ulm-2026-ein-voller-erfolg-fuer-die-wolpert-gruppe-und-rekuplast\\\/#breadcrumb\"},\"inLanguage\":\"en-US\",\"potentialAction\":[{\"@type\":\"ReadAction\",\"target\":[\"https:\\\/\\\/www.wolpert-gruppe.de\\\/kpa-ulm-2026-ein-voller-erfolg-fuer-die-wolpert-gruppe-und-rekuplast\\\/\"]}]},{\"@type\":\"ImageObject\",\"inLanguage\":\"en-US\",\"@id\":\"https:\\\/\\\/www.wolpert-gruppe.de\\\/kpa-ulm-2026-ein-voller-erfolg-fuer-die-wolpert-gruppe-und-rekuplast\\\/#primaryimage\",\"url\":\"https:\\\/\\\/www.wolpert-gruppe.de\\\/wp-content\\\/uploads\\\/2026\\\/03\\\/Blockbeitrag.png\",\"contentUrl\":\"https:\\\/\\\/www.wolpert-gruppe.de\\\/wp-content\\\/uploads\\\/2026\\\/03\\\/Blockbeitrag.png\",\"width\":1200,\"height\":675},{\"@type\":\"BreadcrumbList\",\"@id\":\"https:\\\/\\\/www.wolpert-gruppe.de\\\/kpa-ulm-2026-ein-voller-erfolg-fuer-die-wolpert-gruppe-und-rekuplast\\\/#breadcrumb\",\"itemListElement\":[{\"@type\":\"ListItem\",\"position\":1,\"name\":\"Startseite\",\"item\":\"https:\\\/\\\/www.wolpert-gruppe.de\\\/\"},{\"@type\":\"ListItem\",\"position\":2,\"name\":\"KPA Ulm 2026: Ein voller Erfolg f\u00fcr die Wolpert Gruppe und rekuplast\"}]},{\"@type\":\"WebSite\",\"@id\":\"https:\\\/\\\/www.wolpert-gruppe.de\\\/#website\",\"url\":\"https:\\\/\\\/www.wolpert-gruppe.de\\\/\",\"name\":\"Wolpert Gruppe\",\"description\":\"\",\"potentialAction\":[{\"@type\":\"SearchAction\",\"target\":{\"@type\":\"EntryPoint\",\"urlTemplate\":\"https:\\\/\\\/www.wolpert-gruppe.de\\\/?s={search_term_string}\"},\"query-input\":{\"@type\":\"PropertyValueSpecification\",\"valueRequired\":true,\"valueName\":\"search_term_string\"}}],\"inLanguage\":\"en-US\"},{\"@type\":\"Person\",\"@id\":\"https:\\\/\\\/www.wolpert-gruppe.de\\\/#\\\/schema\\\/person\\\/97b65b72abe6c6918fba369180826187\",\"name\":\"Fabian Leder\",\"image\":{\"@type\":\"ImageObject\",\"inLanguage\":\"en-US\",\"@id\":\"https:\\\/\\\/secure.gravatar.com\\\/avatar\\\/e1ebd84222db4ce7fbecdd4562c3b5b311037d7ea39a943d4759e3b8f5e96b9b?s=96&d=mm&r=g\",\"url\":\"https:\\\/\\\/secure.gravatar.com\\\/avatar\\\/e1ebd84222db4ce7fbecdd4562c3b5b311037d7ea39a943d4759e3b8f5e96b9b?s=96&d=mm&r=g\",\"contentUrl\":\"https:\\\/\\\/secure.gravatar.com\\\/avatar\\\/e1ebd84222db4ce7fbecdd4562c3b5b311037d7ea39a943d4759e3b8f5e96b9b?s=96&d=mm&r=g\",\"caption\":\"Fabian Leder\"},\"url\":\"https:\\\/\\\/www.wolpert-gruppe.de\\\/en\\\/author\\\/fabian\\\/\"}]}<\/script>\n<!-- \/ Yoast SEO plugin. -->","yoast_head_json":{"title":"KPA Ulm 2026: Ein voller Erfolg f\u00fcr die Wolpert Gruppe und rekuplast - Wolpert Gruppe","robots":{"index":"index","follow":"follow","max-snippet":"max-snippet:-1","max-image-preview":"max-image-preview:large","max-video-preview":"max-video-preview:-1"},"canonical":"https:\/\/www.wolpert-gruppe.de\/en\/kpa-ulm-2026-ein-voller-erfolg-fuer-die-wolpert-gruppe-und-rekuplast\/","og_locale":"en_US","og_type":"article","og_title":"KPA Ulm 2026: Ein voller Erfolg f\u00fcr die Wolpert Gruppe und rekuplast - Wolpert Gruppe","og_description":"Zwei Tage voller Innovation, Networking und zukunftsweisender Gespr\u00e4che \u2013 die KPA (Kunststoffprodukte aktuell) in Ulm war f\u00fcr uns in diesem Jahr ein besonderes Highlight. Im Fokus stand dabei nicht nur der Austausch mit langj\u00e4hrigen Partnern, sondern vor allem die Premiere unserer neuen Dienstleistung: \u201eCare &amp; Run\u201c. Starke Pr\u00e4senz in Ulm Als Wolpert Gruppe waren wir [&hellip;]","og_url":"https:\/\/www.wolpert-gruppe.de\/en\/kpa-ulm-2026-ein-voller-erfolg-fuer-die-wolpert-gruppe-und-rekuplast\/","og_site_name":"Wolpert Gruppe","article_published_time":"2026-03-11T13:49:26+00:00","article_modified_time":"2026-03-12T09:12:15+00:00","og_image":[{"width":1200,"height":675,"url":"https:\/\/www.wolpert-gruppe.de\/wp-content\/uploads\/2026\/03\/Blockbeitrag.png","type":"image\/png"}],"author":"Fabian Leder","twitter_card":"summary_large_image","twitter_misc":{"Written by":"Fabian Leder","Est. reading time":"3 minutes"},"schema":{"@context":"https:\/\/schema.org","@graph":[{"@type":"Article","@id":"https:\/\/www.wolpert-gruppe.de\/kpa-ulm-2026-ein-voller-erfolg-fuer-die-wolpert-gruppe-und-rekuplast\/#article","isPartOf":{"@id":"https:\/\/www.wolpert-gruppe.de\/kpa-ulm-2026-ein-voller-erfolg-fuer-die-wolpert-gruppe-und-rekuplast\/"},"author":{"name":"Fabian Leder","@id":"https:\/\/www.wolpert-gruppe.de\/#\/schema\/person\/97b65b72abe6c6918fba369180826187"},"headline":"KPA Ulm 2026: Ein voller Erfolg f\u00fcr die Wolpert Gruppe und rekuplast","datePublished":"2026-03-11T13:49:26+00:00","dateModified":"2026-03-12T09:12:15+00:00","mainEntityOfPage":{"@id":"https:\/\/www.wolpert-gruppe.de\/kpa-ulm-2026-ein-voller-erfolg-fuer-die-wolpert-gruppe-und-rekuplast\/"},"wordCount":443,"image":{"@id":"https:\/\/www.wolpert-gruppe.de\/kpa-ulm-2026-ein-voller-erfolg-fuer-die-wolpert-gruppe-und-rekuplast\/#primaryimage"},"thumbnailUrl":"https:\/\/www.wolpert-gruppe.de\/wp-content\/uploads\/2026\/03\/Blockbeitrag.png","inLanguage":"en-US"},{"@type":"WebPage","@id":"https:\/\/www.wolpert-gruppe.de\/kpa-ulm-2026-ein-voller-erfolg-fuer-die-wolpert-gruppe-und-rekuplast\/","url":"https:\/\/www.wolpert-gruppe.de\/kpa-ulm-2026-ein-voller-erfolg-fuer-die-wolpert-gruppe-und-rekuplast\/","name":"KPA Ulm 2026: Ein voller Erfolg f\u00fcr die Wolpert Gruppe und rekuplast - Wolpert Gruppe","isPartOf":{"@id":"https:\/\/www.wolpert-gruppe.de\/#website"},"primaryImageOfPage":{"@id":"https:\/\/www.wolpert-gruppe.de\/kpa-ulm-2026-ein-voller-erfolg-fuer-die-wolpert-gruppe-und-rekuplast\/#primaryimage"},"image":{"@id":"https:\/\/www.wolpert-gruppe.de\/kpa-ulm-2026-ein-voller-erfolg-fuer-die-wolpert-gruppe-und-rekuplast\/#primaryimage"},"thumbnailUrl":"https:\/\/www.wolpert-gruppe.de\/wp-content\/uploads\/2026\/03\/Blockbeitrag.png","datePublished":"2026-03-11T13:49:26+00:00","dateModified":"2026-03-12T09:12:15+00:00","author":{"@id":"https:\/\/www.wolpert-gruppe.de\/#\/schema\/person\/97b65b72abe6c6918fba369180826187"},"breadcrumb":{"@id":"https:\/\/www.wolpert-gruppe.de\/kpa-ulm-2026-ein-voller-erfolg-fuer-die-wolpert-gruppe-und-rekuplast\/#breadcrumb"},"inLanguage":"en-US","potentialAction":[{"@type":"ReadAction","target":["https:\/\/www.wolpert-gruppe.de\/kpa-ulm-2026-ein-voller-erfolg-fuer-die-wolpert-gruppe-und-rekuplast\/"]}]},{"@type":"ImageObject","inLanguage":"en-US","@id":"https:\/\/www.wolpert-gruppe.de\/kpa-ulm-2026-ein-voller-erfolg-fuer-die-wolpert-gruppe-und-rekuplast\/#primaryimage","url":"https:\/\/www.wolpert-gruppe.de\/wp-content\/uploads\/2026\/03\/Blockbeitrag.png","contentUrl":"https:\/\/www.wolpert-gruppe.de\/wp-content\/uploads\/2026\/03\/Blockbeitrag.png","width":1200,"height":675},{"@type":"BreadcrumbList","@id":"https:\/\/www.wolpert-gruppe.de\/kpa-ulm-2026-ein-voller-erfolg-fuer-die-wolpert-gruppe-und-rekuplast\/#breadcrumb","itemListElement":[{"@type":"ListItem","position":1,"name":"Startseite","item":"https:\/\/www.wolpert-gruppe.de\/"},{"@type":"ListItem","position":2,"name":"KPA Ulm 2026: Ein voller Erfolg f\u00fcr die Wolpert Gruppe und rekuplast"}]},{"@type":"WebSite","@id":"https:\/\/www.wolpert-gruppe.de\/#website","url":"https:\/\/www.wolpert-gruppe.de\/","name":"Wolpert Gruppe","description":"","potentialAction":[{"@type":"SearchAction","target":{"@type":"EntryPoint","urlTemplate":"https:\/\/www.wolpert-gruppe.de\/?s={search_term_string}"},"query-input":{"@type":"PropertyValueSpecification","valueRequired":true,"valueName":"search_term_string"}}],"inLanguage":"en-US"},{"@type":"Person","@id":"https:\/\/www.wolpert-gruppe.de\/#\/schema\/person\/97b65b72abe6c6918fba369180826187","name":"Fabian Leder","image":{"@type":"ImageObject","inLanguage":"en-US","@id":"https:\/\/secure.gravatar.com\/avatar\/e1ebd84222db4ce7fbecdd4562c3b5b311037d7ea39a943d4759e3b8f5e96b9b?s=96&d=mm&r=g","url":"https:\/\/secure.gravatar.com\/avatar\/e1ebd84222db4ce7fbecdd4562c3b5b311037d7ea39a943d4759e3b8f5e96b9b?s=96&d=mm&r=g","contentUrl":"https:\/\/secure.gravatar.com\/avatar\/e1ebd84222db4ce7fbecdd4562c3b5b311037d7ea39a943d4759e3b8f5e96b9b?s=96&d=mm&r=g","caption":"Fabian Leder"},"url":"https:\/\/www.wolpert-gruppe.de\/en\/author\/fabian\/"}]}},"_links":{"self":[{"href":"https:\/\/www.wolpert-gruppe.de\/en\/wp-json\/wp\/v2\/posts\/236912","targetHints":{"allow":["GET"]}}],"collection":[{"href":"https:\/\/www.wolpert-gruppe.de\/en\/wp-json\/wp\/v2\/posts"}],"about":[{"href":"https:\/\/www.wolpert-gruppe.de\/en\/wp-json\/wp\/v2\/types\/post"}],"author":[{"embeddable":true,"href":"https:\/\/www.wolpert-gruppe.de\/en\/wp-json\/wp\/v2\/users\/3"}],"replies":[{"embeddable":true,"href":"https:\/\/www.wolpert-gruppe.de\/en\/wp-json\/wp\/v2\/comments?post=236912"}],"version-history":[{"count":7,"href":"https:\/\/www.wolpert-gruppe.de\/en\/wp-json\/wp\/v2\/posts\/236912\/revisions"}],"predecessor-version":[{"id":236921,"href":"https:\/\/www.wolpert-gruppe.de\/en\/wp-json\/wp\/v2\/posts\/236912\/revisions\/236921"}],"wp:featuredmedia":[{"embeddable":true,"href":"https:\/\/www.wolpert-gruppe.de\/en\/wp-json\/wp\/v2\/media\/236913"}],"wp:attachment":[{"href":"https:\/\/www.wolpert-gruppe.de\/en\/wp-json\/wp\/v2\/media?parent=236912"}],"wp:term":[{"taxonomy":"category","embeddable":true,"href":"https:\/\/www.wolpert-gruppe.de\/en\/wp-json\/wp\/v2\/categories?post=236912"},{"taxonomy":"post_tag","embeddable":true,"href":"https:\/\/www.wolpert-gruppe.de\/en\/wp-json\/wp\/v2\/tags?post=236912"}],"curies":[{"name":"wp","href":"https:\/\/api.w.org\/{rel}","templated":true}]}}